

{"id":1999,"date":"2023-08-06T18:05:04","date_gmt":"2023-08-06T18:05:04","guid":{"rendered":"http:\/\/loeschzug-avenwedde.de\/?p=1999"},"modified":"2023-08-10T16:23:41","modified_gmt":"2023-08-10T16:23:41","slug":"unwettereinsaetze-avenwedde-isselhorst","status":"publish","type":"post","link":"http:\/\/loeschzug-avenwedde.de\/index.php\/2023\/08\/06\/unwettereinsaetze-avenwedde-isselhorst\/","title":{"rendered":"Unwettereins\u00e4tze &#8211;  Avenwedde\/Isselhorst"},"content":{"rendered":"\n<p>Am Sonntagabend sorgte ein Starkregengebiet \u00fcber Ostwestfalen-Lippe f\u00fcr zahlreiche Eins\u00e4tze der Feuerwehr. Wir mussten diverse Keller in Avenwedde auspumpen.  Au\u00dferdem unterst\u00fctzen wir im Einsatzgebiet des L\u00f6schzuges Isselhorst, dort waren besonders viele Einsatzstellen gemeldet worden. <\/p>\n\n\n\n<p>Am l\u00e4ngsten hielt uns die Unterf\u00fchrung an der Osnabr\u00fccker Landstra\u00dfe auf Trab. Diese konnte erst am Montag Nachmittag wieder frei gegeben werden, knapp 22 Stunden nach der ersten Alarmierung am Sonntag.<\/p>\n","protected":false},"excerpt":{"rendered":"<p>Am Sonntagabend sorgte ein Starkregengebiet \u00fcber Ostwestfalen-Lippe f\u00fcr zahlreiche Eins\u00e4tze der Feuerwehr. Wir mussten diverse Keller in Avenwedde auspumpen. Au\u00dferdem unterst\u00fctzen wir im Einsatzgebiet des L\u00f6schzuges Isselhorst, dort waren besonders viele Einsatzstellen gemeldet worden. Am l\u00e4ngsten hielt uns die Unterf\u00fchrung an der Osnabr\u00fccker Landstra\u00dfe auf Trab. Diese konnte erst am Montag Nachmittag wieder frei gegeben [&hellip;]<\/p>\n","protected":false},"author":5,"featured_media":0,"comment_status":"open","ping_status":"open","sticky":false,"template":"","format":"standard","meta":[],"categories":[3],"tags":[],"acf":[],"_links":{"self":[{"href":"http:\/\/loeschzug-avenwedde.de\/index.php\/wp-json\/wp\/v2\/posts\/1999"}],"collection":[{"href":"http:\/\/loeschzug-avenwedde.de\/index.php\/wp-json\/wp\/v2\/posts"}],"about":[{"href":"http:\/\/loeschzug-avenwedde.de\/index.php\/wp-json\/wp\/v2\/types\/post"}],"author":[{"embeddable":true,"href":"http:\/\/loeschzug-avenwedde.de\/index.php\/wp-json\/wp\/v2\/users\/5"}],"replies":[{"embeddable":true,"href":"http:\/\/loeschzug-avenwedde.de\/index.php\/wp-json\/wp\/v2\/comments?post=1999"}],"version-history":[{"count":3,"href":"http:\/\/loeschzug-avenwedde.de\/index.php\/wp-json\/wp\/v2\/posts\/1999\/revisions"}],"predecessor-version":[{"id":2003,"href":"http:\/\/loeschzug-avenwedde.de\/index.php\/wp-json\/wp\/v2\/posts\/1999\/revisions\/2003"}],"wp:attachment":[{"href":"http:\/\/loeschzug-avenwedde.de\/index.php\/wp-json\/wp\/v2\/media?parent=1999"}],"wp:term":[{"taxonomy":"category","embeddable":true,"href":"http:\/\/loeschzug-avenwedde.de\/index.php\/wp-json\/wp\/v2\/categories?post=1999"},{"taxonomy":"post_tag","embeddable":true,"href":"http:\/\/loeschzug-avenwedde.de\/index.php\/wp-json\/wp\/v2\/tags?post=1999"}],"curies":[{"name":"wp","href":"https:\/\/api.w.org\/{rel}","templated":true}]}}