

{"id":2586,"date":"2024-09-27T05:07:42","date_gmt":"2024-09-27T05:07:42","guid":{"rendered":"http:\/\/loeschzug-avenwedde.de\/?p=2586"},"modified":"2024-09-28T13:50:39","modified_gmt":"2024-09-28T13:50:39","slug":"ausloesung-brandmeldetag-osnabruecker-landstrasse","status":"publish","type":"post","link":"http:\/\/loeschzug-avenwedde.de\/index.php\/2024\/09\/27\/ausloesung-brandmeldetag-osnabruecker-landstrasse\/","title":{"rendered":"Ausl\u00f6sung BMA &#8211; Osnabr\u00fccker Landstra\u00dfe"},"content":{"rendered":"","protected":false},"excerpt":{"rendered":"","protected":false},"author":5,"featured_media":0,"comment_status":"open","ping_status":"open","sticky":false,"template":"","format":"standard","meta":[],"categories":[3],"tags":[],"acf":[],"_links":{"self":[{"href":"http:\/\/loeschzug-avenwedde.de\/index.php\/wp-json\/wp\/v2\/posts\/2586"}],"collection":[{"href":"http:\/\/loeschzug-avenwedde.de\/index.php\/wp-json\/wp\/v2\/posts"}],"about":[{"href":"http:\/\/loeschzug-avenwedde.de\/index.php\/wp-json\/wp\/v2\/types\/post"}],"author":[{"embeddable":true,"href":"http:\/\/loeschzug-avenwedde.de\/index.php\/wp-json\/wp\/v2\/users\/5"}],"replies":[{"embeddable":true,"href":"http:\/\/loeschzug-avenwedde.de\/index.php\/wp-json\/wp\/v2\/comments?post=2586"}],"version-history":[{"count":3,"href":"http:\/\/loeschzug-avenwedde.de\/index.php\/wp-json\/wp\/v2\/posts\/2586\/revisions"}],"predecessor-version":[{"id":2595,"href":"http:\/\/loeschzug-avenwedde.de\/index.php\/wp-json\/wp\/v2\/posts\/2586\/revisions\/2595"}],"wp:attachment":[{"href":"http:\/\/loeschzug-avenwedde.de\/index.php\/wp-json\/wp\/v2\/media?parent=2586"}],"wp:term":[{"taxonomy":"category","embeddable":true,"href":"http:\/\/loeschzug-avenwedde.de\/index.php\/wp-json\/wp\/v2\/categories?post=2586"},{"taxonomy":"post_tag","embeddable":true,"href":"http:\/\/loeschzug-avenwedde.de\/index.php\/wp-json\/wp\/v2\/tags?post=2586"}],"curies":[{"name":"wp","href":"https:\/\/api.w.org\/{rel}","templated":true}]}}