

{"id":2728,"date":"2007-01-18T12:55:44","date_gmt":"2007-01-18T12:55:44","guid":{"rendered":"http:\/\/loeschzug-avenwedde.de\/?p=2728"},"modified":"2024-11-15T21:24:24","modified_gmt":"2024-11-15T21:24:24","slug":"baum-bezirk-avenwedde","status":"publish","type":"post","link":"http:\/\/loeschzug-avenwedde.de\/index.php\/2007\/01\/18\/baum-bezirk-avenwedde\/","title":{"rendered":"Baum &#8211; Bezirk Avenwedde"},"content":{"rendered":"\n<p>Wie viele andere Feuerwehren, so wurde auch der L\u00f6schzug Avenwedde durch den Orkan Kyrill zu zahlreichen Eins\u00e4tzen gerufen. Ab 13 Uhr wurden fast durchg\u00e4ngig Eins\u00e4tze bis in die fr\u00fchen Morgenstunden des 19.01.2007 gefahren. Dabei war bereits einer der ersten Eins\u00e4tze ein \u201edicker Brocken\u201c. Am Kleiberweg drohte ein Baum auf ein Haus zust\u00fcrzen. Durch die Gr\u00f6\u00dfe des Baumes konnte dieser nicht alleine mit Motors\u00e4gen klein geschnitten werden, sondern musste zus\u00e4tzlich mit einem Kran gegen eventuelles Wegrutschen und drohende weitere Besch\u00e4digung des Daches gesichert werden. Dieser Einsatz dauert ca. 4 Stunden, so dass das LF 10\/6 des L\u00f6schzuges den kompletten Nachmittag eingespannt war und weitere Eins\u00e4tze vom LF 16 TS abgearbeitet wurden. Im Laufe des Nachmittags und Abend mehrten sich dann die Eins\u00e4tze. So wurde dann auch das Ger\u00e4tehaus an der G\u00fcthstra\u00dfe dauerhaft besetzt, um m\u00f6glichst schnell auf neue Eins\u00e4tze reagieren zu k\u00f6nnen, und um der Bev\u00f6lkerung eine Anlaufstelle im Notfall zu bieten. Diese Entscheidung zahlte sich dann auch bald aus, als eine \u00e4ltere Dame kurz vor dem Ger\u00e4tehaus st\u00fcrzte und dabei Kopfverletzungen erlitt. Sie wurde von Kameraden des L\u00f6schzuges in das Ger\u00e4tehaus gebracht und erstversorgt, bis der Rettungsdienst eingetroffen war. Im Laufe des Abends wurden immer wieder neue Eins\u00e4tze gemeldet und der L\u00f6schzug eilte von einer Einsatzstelle zur n\u00e4chsten. Zu den Eins\u00e4tzen z\u00e4hlten umgest\u00fcrzte B\u00e4ume, die von Stra\u00dfen ger\u00e4umt werden mussten, wie auch Dachteile, die sich losgerissen hatten und wieder gesichert bzw. entfernt wurden. Das LF 16 TS des L\u00f6schzuges wurde im Laufe des Abends von der Leitstelle zur Unterst\u00fctzung des L\u00f6schzuges G\u00fctersloh zur Hauptwache an die Friedrich-Ebert-Str. abgezogen, wo weitere Eins\u00e4tze im Stadtgebiet \u00fcbernommen wurden. Gegen drei Uhr morgens fand der letzte Einsatz f\u00fcr den L\u00f6schzug an diesem Tag statt, so dass sich die Kameraden auch ein wenig erholen konnten. Die Ruhe wehrte allerdings nicht lange. Gegen 10:30 am 19.01.2007 wurde der L\u00f6schzug zur Unterst\u00fctzung des L\u00f6schzuges Spexard an die Neuenkirchener Stra\u00dfe gerufen, um dort die Stadtwerke bei der R\u00e4umung der Stra\u00dfe zu helfen. Als dort das erste Fahrzeug eintraf, konnten die Kameraden die ganze Kraft des Sturmes mit eigenen Augen sehen. Spexard wurde von Kyrill am h\u00e4rtesten getroffen und im Bereich der Neuenkirchener Stra\u00dfe stand so gut wie kein Baum mehr. Teilweise waren nur noch die St\u00e4mme da, die Kronen waren einfach weg gebrochen. Unsere Aufgabe bestand darin die Stra\u00dfe frei zu r\u00e4umen. Da ein gro\u00dfer Baum auf die Stra\u00dfe zu st\u00fcrzen drohte und bereits in einem anderen Baum fest hing, hatten die Stadtwerke bereits einen Kran angefordert, um diesem Baum abzusichern und zu zerschneiden. In der Zwischenzeit wurden von uns der Radweg sowie eine Stra\u00dfe zu zwei am Wald gelegenen H\u00f6fen \u201efrei ger\u00e4umt\u201c. Dabei war die Stra\u00dfe im Prinzip nicht mehr vorhanden, da die umgest\u00fcrzten B\u00e4ume kreuz und quer \u00fcber dieser Stra\u00dfe lagen. Nach Eintreffen des Kranes konnte dann auch der umsturzgef\u00e4hrdete Baum sicher entfernt werden. In der Zwischenzeit wurde das Gebiet der beiden H\u00f6fe erkundet und dabei ein Baum auf dem Wohnhaus eines der H\u00f6fe gemeldet. Eine gro\u00dfe Eiche war auf dieses Haus gest\u00fcrzt, so dass der Kran gleich vor Ort verbleiben konnte und bei diesem Baum, wie am Tag zuvor, am Kleiberweg unterst\u00fctzen konnte. Von diesem Einsatz konnten wir dann gegen 18 Uhr wieder ins Ger\u00e4tehaus zur\u00fcckkehren und damit waren die Sturmeins\u00e4tze f\u00fcr unseren L\u00f6schzug beenden.<\/p>\n","protected":false},"excerpt":{"rendered":"<p>Wie viele andere Feuerwehren, so wurde auch der L\u00f6schzug Avenwedde durch den Orkan Kyrill zu zahlreichen Eins\u00e4tzen gerufen. Ab 13 Uhr wurden fast durchg\u00e4ngig Eins\u00e4tze bis in die fr\u00fchen Morgenstunden des 19.01.2007 gefahren. Dabei war bereits einer der ersten Eins\u00e4tze ein \u201edicker Brocken\u201c. Am Kleiberweg drohte ein Baum auf ein Haus zust\u00fcrzen. Durch die Gr\u00f6\u00dfe [&hellip;]<\/p>\n","protected":false},"author":5,"featured_media":0,"comment_status":"open","ping_status":"open","sticky":false,"template":"","format":"standard","meta":[],"categories":[3],"tags":[],"acf":[],"_links":{"self":[{"href":"http:\/\/loeschzug-avenwedde.de\/index.php\/wp-json\/wp\/v2\/posts\/2728"}],"collection":[{"href":"http:\/\/loeschzug-avenwedde.de\/index.php\/wp-json\/wp\/v2\/posts"}],"about":[{"href":"http:\/\/loeschzug-avenwedde.de\/index.php\/wp-json\/wp\/v2\/types\/post"}],"author":[{"embeddable":true,"href":"http:\/\/loeschzug-avenwedde.de\/index.php\/wp-json\/wp\/v2\/users\/5"}],"replies":[{"embeddable":true,"href":"http:\/\/loeschzug-avenwedde.de\/index.php\/wp-json\/wp\/v2\/comments?post=2728"}],"version-history":[{"count":4,"href":"http:\/\/loeschzug-avenwedde.de\/index.php\/wp-json\/wp\/v2\/posts\/2728\/revisions"}],"predecessor-version":[{"id":2732,"href":"http:\/\/loeschzug-avenwedde.de\/index.php\/wp-json\/wp\/v2\/posts\/2728\/revisions\/2732"}],"wp:attachment":[{"href":"http:\/\/loeschzug-avenwedde.de\/index.php\/wp-json\/wp\/v2\/media?parent=2728"}],"wp:term":[{"taxonomy":"category","embeddable":true,"href":"http:\/\/loeschzug-avenwedde.de\/index.php\/wp-json\/wp\/v2\/categories?post=2728"},{"taxonomy":"post_tag","embeddable":true,"href":"http:\/\/loeschzug-avenwedde.de\/index.php\/wp-json\/wp\/v2\/tags?post=2728"}],"curies":[{"name":"wp","href":"https:\/\/api.w.org\/{rel}","templated":true}]}}