

{"id":361,"date":"2022-05-18T15:29:00","date_gmt":"2022-05-18T15:29:00","guid":{"rendered":"https:\/\/frederic.uber.space\/feuerwehr_avenwedde\/?p=361"},"modified":"2022-06-03T21:32:30","modified_gmt":"2022-06-03T21:32:30","slug":"feuerwehrfest-avenwedde","status":"publish","type":"post","link":"http:\/\/loeschzug-avenwedde.de\/index.php\/2022\/05\/18\/feuerwehrfest-avenwedde\/","title":{"rendered":"Feuerwehrfest Avenwedde &#8211; 03.\/04.09.2022"},"content":{"rendered":"\n<p>03.\/04.09.2022 &#8211; Wir sind froh, dass wir in diesem Jahr, nach den Strapazen der Corona-Pandemie, endlich wieder zu unserem traditionellen Feuerwehrfest einladen k\u00f6nnen. Wie immer beginnen wir unser Fest mit dem Festzug durch unser Dorf und dem Empfang der befreundeten Wehren und Vereine. Der Tag findet seinen Ausklang mit der gro\u00dfen Zeltparty mit einer Band und einem DJ.<\/p>\n\n\n\n<p>Der Sonntag steht ganz im Zeichen der Familie, neben vielen Aktionen, wie einer H\u00fcpfburg, Kinderschminken und Fahrten durch Avenwedde in einem Feuerwehrfahrzeug wird auch wieder unsere beliebte Tombola mit tollen Preisen veranstaltet. Au\u00dferdem gibt unser Spielmannszug ein Konzert, w\u00e4hrenddessen Sie sich an unserer gro\u00dfen Kaffeetheke den Nachmittag vers\u00fc\u00dfen k\u00f6nnen.<\/p>\n","protected":false},"excerpt":{"rendered":"<p>03.\/04.09.2022 &#8211; Wir sind froh, dass wir in diesem Jahr, nach den Strapazen der Corona-Pandemie, endlich wieder zu unserem traditionellen Feuerwehrfest einladen k\u00f6nnen. Wie immer beginnen wir unser Fest mit dem Festzug durch unser Dorf und dem Empfang der befreundeten Wehren und Vereine. Der Tag findet seinen Ausklang mit der gro\u00dfen Zeltparty mit einer Band [&hellip;]<\/p>\n","protected":false},"author":5,"featured_media":0,"comment_status":"open","ping_status":"open","sticky":false,"template":"","format":"standard","meta":[],"categories":[4],"tags":[],"acf":[],"_links":{"self":[{"href":"http:\/\/loeschzug-avenwedde.de\/index.php\/wp-json\/wp\/v2\/posts\/361"}],"collection":[{"href":"http:\/\/loeschzug-avenwedde.de\/index.php\/wp-json\/wp\/v2\/posts"}],"about":[{"href":"http:\/\/loeschzug-avenwedde.de\/index.php\/wp-json\/wp\/v2\/types\/post"}],"author":[{"embeddable":true,"href":"http:\/\/loeschzug-avenwedde.de\/index.php\/wp-json\/wp\/v2\/users\/5"}],"replies":[{"embeddable":true,"href":"http:\/\/loeschzug-avenwedde.de\/index.php\/wp-json\/wp\/v2\/comments?post=361"}],"version-history":[{"count":3,"href":"http:\/\/loeschzug-avenwedde.de\/index.php\/wp-json\/wp\/v2\/posts\/361\/revisions"}],"predecessor-version":[{"id":1307,"href":"http:\/\/loeschzug-avenwedde.de\/index.php\/wp-json\/wp\/v2\/posts\/361\/revisions\/1307"}],"wp:attachment":[{"href":"http:\/\/loeschzug-avenwedde.de\/index.php\/wp-json\/wp\/v2\/media?parent=361"}],"wp:term":[{"taxonomy":"category","embeddable":true,"href":"http:\/\/loeschzug-avenwedde.de\/index.php\/wp-json\/wp\/v2\/categories?post=361"},{"taxonomy":"post_tag","embeddable":true,"href":"http:\/\/loeschzug-avenwedde.de\/index.php\/wp-json\/wp\/v2\/tags?post=361"}],"curies":[{"name":"wp","href":"https:\/\/api.w.org\/{rel}","templated":true}]}}