

{"id":783,"date":"2022-03-19T19:04:56","date_gmt":"2022-03-19T18:04:56","guid":{"rendered":"https:\/\/frederic.uber.space\/feuerwehr_avenwedde\/?p=783"},"modified":"2023-06-09T05:31:50","modified_gmt":"2023-06-09T05:31:50","slug":"zimmerbrand-alte-osnabruecker-landstrasse","status":"publish","type":"post","link":"http:\/\/loeschzug-avenwedde.de\/index.php\/2022\/03\/19\/zimmerbrand-alte-osnabruecker-landstrasse\/","title":{"rendered":"Zimmerbrand &#8211; Alte Osnabr\u00fccker Stra\u00dfe"},"content":{"rendered":"\n<p>Mit dem Stichtwort Zimmerbrand wurden wir am fr\u00fchen Abend in die Alte Osnabr\u00fccker Landstra\u00dfe alarmiert. Noch w\u00e4hrend der Anfahrt wurde das Einsatzstichwort auf MiG &#8211; Menschenleben in Gefahr erh\u00f6t, da durch weitere Anrufer vermutet wurde, dass noch Personen im Haus waren. Beim Eintreffen wurde zum zweiten Mal die Lage erh\u00f6ht, Flammen schlugen aus den Fenstern und drohten auf das Dach \u00fcberzugreifen, so wurde nun von einem Wohnhausbrand ausgegangen. Durch mehrere Trupps unter Atemschutz wurde zun\u00e4chst das offensichtliche Feuer gel\u00f6scht. Im weiteren Verlauf wurde das Dach von Au\u00dfen teilweise abgedeckt, sowie von Innen Teile der Innenverkleidung entfernt um alle Glutnester zu finden. Au\u00dferdem wurde die Regipsdecke im Brandraum ge\u00f6ffnet und vom Dachboden aus die Bretterverkleidung gel\u00f6st, da sich in der D\u00e4mmung immer wieder Glutnester entz\u00fcndeten. Gegen 22:30 Uhr waren die letzten Einsatzkr\u00e4fte wieder im Ger\u00e4tehaus angekommen und konnten die Ausr\u00fcstung wieder einsatzbereit machen.<\/p>\n","protected":false},"excerpt":{"rendered":"<p>Mit dem Stichtwort Zimmerbrand wurden wir am fr\u00fchen Abend in die Alte Osnabr\u00fccker Landstra\u00dfe alarmiert. Noch w\u00e4hrend der Anfahrt wurde das Einsatzstichwort auf MiG &#8211; Menschenleben in Gefahr erh\u00f6t, da durch weitere Anrufer vermutet wurde, dass noch Personen im Haus waren. Beim Eintreffen wurde zum zweiten Mal die Lage erh\u00f6ht, Flammen schlugen aus den Fenstern [&hellip;]<\/p>\n","protected":false},"author":5,"featured_media":0,"comment_status":"open","ping_status":"open","sticky":false,"template":"","format":"standard","meta":[],"categories":[3],"tags":[],"acf":[],"_links":{"self":[{"href":"http:\/\/loeschzug-avenwedde.de\/index.php\/wp-json\/wp\/v2\/posts\/783"}],"collection":[{"href":"http:\/\/loeschzug-avenwedde.de\/index.php\/wp-json\/wp\/v2\/posts"}],"about":[{"href":"http:\/\/loeschzug-avenwedde.de\/index.php\/wp-json\/wp\/v2\/types\/post"}],"author":[{"embeddable":true,"href":"http:\/\/loeschzug-avenwedde.de\/index.php\/wp-json\/wp\/v2\/users\/5"}],"replies":[{"embeddable":true,"href":"http:\/\/loeschzug-avenwedde.de\/index.php\/wp-json\/wp\/v2\/comments?post=783"}],"version-history":[{"count":4,"href":"http:\/\/loeschzug-avenwedde.de\/index.php\/wp-json\/wp\/v2\/posts\/783\/revisions"}],"predecessor-version":[{"id":1931,"href":"http:\/\/loeschzug-avenwedde.de\/index.php\/wp-json\/wp\/v2\/posts\/783\/revisions\/1931"}],"wp:attachment":[{"href":"http:\/\/loeschzug-avenwedde.de\/index.php\/wp-json\/wp\/v2\/media?parent=783"}],"wp:term":[{"taxonomy":"category","embeddable":true,"href":"http:\/\/loeschzug-avenwedde.de\/index.php\/wp-json\/wp\/v2\/categories?post=783"},{"taxonomy":"post_tag","embeddable":true,"href":"http:\/\/loeschzug-avenwedde.de\/index.php\/wp-json\/wp\/v2\/tags?post=783"}],"curies":[{"name":"wp","href":"https:\/\/api.w.org\/{rel}","templated":true}]}}